{"id":3167,"date":"2017-02-13T13:01:36","date_gmt":"2017-02-13T12:01:36","guid":{"rendered":"https:\/\/abacobilbao.wordpress.com\/?p=3167"},"modified":"2017-02-13T13:01:36","modified_gmt":"2017-02-13T12:01:36","slug":"quieres-colaborar-con-las-omicron2017","status":"publish","type":"post","link":"https:\/\/www.abacobilbao.org\/eu\/blog\/2017\/02\/13\/quieres-colaborar-con-las-omicron2017\/","title":{"rendered":"\u00bfQuieres colaborar con las #omicron2017?"},"content":{"rendered":"<p><img data-recalc-dims=\"1\" loading=\"lazy\" decoding=\"async\" data-attachment-id=\"3168\" data-permalink=\"https:\/\/www.abacobilbao.org\/eu\/blog\/2017\/02\/13\/quieres-colaborar-con-las-omicron2017\/catflap\/\" data-orig-file=\"https:\/\/i0.wp.com\/www.abacobilbao.org\/wp-content\/uploads\/2017\/02\/catflap.jpg?fit=425%2C546&amp;ssl=1\" data-orig-size=\"425,546\" data-comments-opened=\"1\" data-image-meta=\"{&quot;aperture&quot;:&quot;0&quot;,&quot;credit&quot;:&quot;&quot;,&quot;camera&quot;:&quot;&quot;,&quot;caption&quot;:&quot;&quot;,&quot;created_timestamp&quot;:&quot;0&quot;,&quot;copyright&quot;:&quot;&quot;,&quot;focal_length&quot;:&quot;0&quot;,&quot;iso&quot;:&quot;0&quot;,&quot;shutter_speed&quot;:&quot;0&quot;,&quot;title&quot;:&quot;&quot;,&quot;orientation&quot;:&quot;0&quot;}\" data-image-title=\"catflap\" data-image-description=\"\" data-image-caption=\"\" data-large-file=\"https:\/\/i0.wp.com\/www.abacobilbao.org\/wp-content\/uploads\/2017\/02\/catflap.jpg?fit=425%2C546&amp;ssl=1\" class=\" size-full wp-image-3168 aligncenter\" src=\"https:\/\/abacobilbao.files.wordpress.com\/2017\/02\/catflap.jpg?resize=425%2C546\" alt=\"catflap\" width=\"425\" height=\"546\" srcset=\"https:\/\/i0.wp.com\/www.abacobilbao.org\/wp-content\/uploads\/2017\/02\/catflap.jpg?w=425&amp;ssl=1 425w, https:\/\/i0.wp.com\/www.abacobilbao.org\/wp-content\/uploads\/2017\/02\/catflap.jpg?resize=234%2C300&amp;ssl=1 234w, https:\/\/i0.wp.com\/www.abacobilbao.org\/wp-content\/uploads\/2017\/02\/catflap.jpg?resize=117%2C150&amp;ssl=1 117w\" sizes=\"auto, (max-width: 425px) 100vw, 425px\" \/><\/p>\n<p style=\"text-align:justify\">Una parte imprescindible de todo evento rolero que se precie son las partidas que llevan, que llev\u00e1is, los asistentes. Las \u00d3micron no ser\u00edan lo que son sin la gente que nos echa una mano organizando actividades. Por eso, os animamos a traer actividades, porque enriquecen las jornadas, porque ofrecen m\u00e1s variedad y porque adem\u00e1s, os lo garantizamos, es muy divertido.<\/p>\n<p style=\"text-align:justify\"><em><strong>Vale, muy bien, \u00bfpero si quiero montar una actividad, c\u00f3mo lo hago?<\/strong><\/em><\/p>\n<p style=\"text-align:justify\">Si quer\u00e9is traer una actividad a la jornada, solo ten\u00e9is que daros <a href=\"http:\/\/www.abacobilbao.org\/omicron\/inscripcion\/\">de alta<\/a> en las jornadas y entonces subirlo a este\u00a0<strong><a href=\"http:\/\/www.abacobilbao.org\/omicron\/registra-una-actividad\/\">FORMULARIO<\/a><\/strong>.<\/p>\n<p style=\"text-align:justify\"><em><strong>\u00bfPodr\u00e9 llevar actividades de preinscripci\u00f3n?<\/strong><\/em><\/p>\n<p style=\"text-align:justify\">S\u00ed. Sabemos que para algunas actividades, como roles en vivo y as\u00ed, la preparaci\u00f3n previa por parte de los asistentes es un valor a\u00f1adido, por lo que la preinscripci\u00f3n ayuda mucho. Por tanto, ser\u00e1 posible que algunas actividades sean de preinscripci\u00f3n (pero solo si la persona que organiza quiere, no vamos a obligar a nadie). El \u00faltimo d\u00eda para enviarnos actividades de preinscripci\u00f3n ser\u00e1 el <strong>12 de marzo<\/strong>.<\/p>\n<p style=\"text-align:justify\"><em><strong>\u00bfQu\u00e9 tipo de actividades tienen cabida?<\/strong><\/em><\/p>\n<p style=\"text-align:justify\">Lo que m\u00e1s demanda tiene son las partidas de rol, tanto de mesa como en vivo, \u00a0pero tambi\u00e9n tienen bastante tir\u00f3n las demostraciones de juegos de mesa y los torneos de juegos (miniaturas, cartas\u2026), pero tambi\u00e9n estamos abiertos a talleres o cualquier otra que encaje en el esp\u00edritu de las jornadas.<\/p>\n<p style=\"text-align:justify\"><em><strong>Me gustar\u00eda llevar alguna cosa, pero todav\u00eda no s\u00e9 si voy a poder ir a las jornadas. \u00bfPuedo llevar a las jornadas actividades sin haberos avisado si al final resulta que voy?<\/strong><\/em><\/p>\n<p style=\"text-align:justify\">La respuesta es que s\u00ed. Aunque daremos de plazo hasta el <strong>26 de marzo<\/strong> para que nos envi\u00e9is actividades, y una vez cerrado ese plazo procederemos a elaborar el programa, eso no significa que no sea posible aportar partidas m\u00e1s tarde. Se podr\u00e1, durante las propias jornadas, acudir a mesa de inscripciones, y si hay espacio disponible, dar de alta la actividad.<\/p>\n<p style=\"text-align:justify\"><em><strong>Actividades igual no, pero me gustar\u00eda ayudaros con la propia organizaci\u00f3n de las jornadas. \u00bfEs posible?<\/strong><\/em><\/p>\n<p style=\"text-align:justify\">Afortunadamente, ya contamos con gente suficiente en la asociaci\u00f3n para organizar el evento, de manera que, haciendo constar nuestro m\u00e1ximo agradecimiento,\u00a0no aceptaremos colaboraciones en tareas de organizaci\u00f3n. Solo actividades.<\/p>\n","protected":false},"excerpt":{"rendered":"<p>Una parte imprescindible de todo evento rolero que se precie son las partidas que llevan, que llev\u00e1is, los asistentes. Las \u00d3micron no ser\u00edan lo que son sin la gente que nos echa una mano organizando actividades. Por eso, os animamos a traer actividades, porque enriquecen las jornadas, porque ofrecen m\u00e1s\u2026<\/p>\n<p> <a class=\"continue-reading-link\" href=\"https:\/\/www.abacobilbao.org\/eu\/blog\/2017\/02\/13\/quieres-colaborar-con-las-omicron2017\/\"><span>M\u00e1s<\/span><i class=\"crycon-right-dir\"><\/i><\/a> <\/p>\n","protected":false},"author":5,"featured_media":0,"comment_status":"open","ping_status":"open","sticky":false,"template":"","format":"standard","meta":{"_jetpack_newsletter_access":"","_jetpack_dont_email_post_to_subs":false,"_jetpack_newsletter_tier_id":0,"_jetpack_memberships_contains_paywalled_content":false,"_jetpack_memberships_contains_paid_content":false,"footnotes":""},"categories":[20],"tags":[],"class_list":["post-3167","post","type-post","status-publish","format-standard","hentry","category-omicron-2017"],"jetpack_sharing_enabled":true,"jetpack_likes_enabled":true,"jetpack_featured_media_url":"","_links":{"self":[{"href":"https:\/\/www.abacobilbao.org\/eu\/wp-json\/wp\/v2\/posts\/3167","targetHints":{"allow":["GET"]}}],"collection":[{"href":"https:\/\/www.abacobilbao.org\/eu\/wp-json\/wp\/v2\/posts"}],"about":[{"href":"https:\/\/www.abacobilbao.org\/eu\/wp-json\/wp\/v2\/types\/post"}],"author":[{"embeddable":true,"href":"https:\/\/www.abacobilbao.org\/eu\/wp-json\/wp\/v2\/users\/5"}],"replies":[{"embeddable":true,"href":"https:\/\/www.abacobilbao.org\/eu\/wp-json\/wp\/v2\/comments?post=3167"}],"version-history":[{"count":0,"href":"https:\/\/www.abacobilbao.org\/eu\/wp-json\/wp\/v2\/posts\/3167\/revisions"}],"wp:attachment":[{"href":"https:\/\/www.abacobilbao.org\/eu\/wp-json\/wp\/v2\/media?parent=3167"}],"wp:term":[{"taxonomy":"category","embeddable":true,"href":"https:\/\/www.abacobilbao.org\/eu\/wp-json\/wp\/v2\/categories?post=3167"},{"taxonomy":"post_tag","embeddable":true,"href":"https:\/\/www.abacobilbao.org\/eu\/wp-json\/wp\/v2\/tags?post=3167"}],"curies":[{"name":"wp","href":"https:\/\/api.w.org\/{rel}","templated":true}]}}